{"id":453,"date":"2022-10-15T09:04:17","date_gmt":"2022-10-15T09:04:17","guid":{"rendered":"http:\/\/www.endogene.fr\/?p=453"},"modified":"2022-10-15T09:07:38","modified_gmt":"2022-10-15T09:07:38","slug":"actualite-octobre-2022","status":"publish","type":"post","link":"http:\/\/www.endogene.fr\/?p=453","title":{"rendered":"Actualit\u00e9 &#8211; Octobre 2022"},"content":{"rendered":"<p><img decoding=\"async\" loading=\"lazy\" class=\"alignnone size-full wp-image-454\" src=\"http:\/\/endogene.fr\/wp-content\/uploads\/2022\/10\/Expo_Cafe\u0301-Photo-Marseille_Oct-2022.jpg\" alt=\"\" width=\"1377\" height=\"1377\" srcset=\"http:\/\/endogene.fr\/wp-content\/uploads\/2022\/10\/Expo_Cafe\u0301-Photo-Marseille_Oct-2022.jpg 1377w, http:\/\/endogene.fr\/wp-content\/uploads\/2022\/10\/Expo_Cafe\u0301-Photo-Marseille_Oct-2022-300x300.jpg 300w, http:\/\/endogene.fr\/wp-content\/uploads\/2022\/10\/Expo_Cafe\u0301-Photo-Marseille_Oct-2022-1024x1024.jpg 1024w, http:\/\/endogene.fr\/wp-content\/uploads\/2022\/10\/Expo_Cafe\u0301-Photo-Marseille_Oct-2022-150x150.jpg 150w, http:\/\/endogene.fr\/wp-content\/uploads\/2022\/10\/Expo_Cafe\u0301-Photo-Marseille_Oct-2022-768x768.jpg 768w, http:\/\/endogene.fr\/wp-content\/uploads\/2022\/10\/Expo_Cafe\u0301-Photo-Marseille_Oct-2022-100x100.jpg 100w\" sizes=\"(max-width: 767px) 89vw, (max-width: 1000px) 54vw, (max-width: 1071px) 543px, 580px\" \/><\/p>\n<p><span class=\"x193iq5w xeuugli x13faqbe x1vvkbs xlh3980 xvmahel x1n0sxbx x1lliihq x1s928wv xhkezso x1gmr53x x1cpjm7i x1fgarty x1943h6x xudqn12 x3x7a5m x6prxxf xvq8zen xo1l8bm xzsf02u\" dir=\"auto\">Jean-Paul Nogu\u00e8s participe \u00e0 la grande exposition annuelle du collectif Caf\u00e9 Photo Marseille (CPM) qui se tiendra du 15 au 30 octobre 2022 au Marseille 3013 &#8211; 52 rue de la R\u00e9publique 13002 &#8211; avec 60 photographes expos\u00e9s en tirages \u00e0 la double occasion du Cadavre Exquis photographique &amp; ses 41 s\u00e9ries projet\u00e9es sur le th\u00e8me du \u00ab\u00a0Silence\u00a0\u00bb !<br \/>\n<\/span><\/p>\n<p><a href=\"https:\/\/www.facebook.com\/events\/769530467671422?ref=newsfeed\">L&rsquo;\u00e9v\u00e9nement<\/a><\/p>\n<p><a href=\"http:\/\/www.jeanpaulnogues.com\/?fbclid=IwAR2KxntkApxWOJrsXJ8QKiYOVot5f1QTw-fRbfdOSm0N6c6PTxVsWuQznZw\">Photo<\/a><\/p>\n","protected":false},"excerpt":{"rendered":"<p>Jean-Paul Nogu\u00e8s participe \u00e0 la grande exposition annuelle du collectif Caf\u00e9 Photo Marseille (CPM) qui se tiendra du 15 au 30 octobre 2022 au Marseille 3013 &#8211; 52 rue de la R\u00e9publique 13002 &#8211; avec 60 photographes expos\u00e9s en tirages \u00e0 la double occasion du Cadavre Exquis photographique &amp; ses 41 s\u00e9ries projet\u00e9es sur le &hellip; <\/p>\n<p class=\"link-more\"><a href=\"http:\/\/www.endogene.fr\/?p=453\" class=\"more-link\">Continuer la lecture<span class=\"screen-reader-text\"> de &laquo;&nbsp;Actualit\u00e9 &#8211; Octobre 2022&nbsp;&raquo;<\/span><\/a><\/p>\n","protected":false},"author":1,"featured_media":0,"comment_status":"open","ping_status":"open","sticky":false,"template":"","format":"standard","meta":[],"categories":[21],"tags":[17,19],"_links":{"self":[{"href":"http:\/\/www.endogene.fr\/index.php?rest_route=\/wp\/v2\/posts\/453"}],"collection":[{"href":"http:\/\/www.endogene.fr\/index.php?rest_route=\/wp\/v2\/posts"}],"about":[{"href":"http:\/\/www.endogene.fr\/index.php?rest_route=\/wp\/v2\/types\/post"}],"author":[{"embeddable":true,"href":"http:\/\/www.endogene.fr\/index.php?rest_route=\/wp\/v2\/users\/1"}],"replies":[{"embeddable":true,"href":"http:\/\/www.endogene.fr\/index.php?rest_route=%2Fwp%2Fv2%2Fcomments&post=453"}],"version-history":[{"count":3,"href":"http:\/\/www.endogene.fr\/index.php?rest_route=\/wp\/v2\/posts\/453\/revisions"}],"predecessor-version":[{"id":457,"href":"http:\/\/www.endogene.fr\/index.php?rest_route=\/wp\/v2\/posts\/453\/revisions\/457"}],"wp:attachment":[{"href":"http:\/\/www.endogene.fr\/index.php?rest_route=%2Fwp%2Fv2%2Fmedia&parent=453"}],"wp:term":[{"taxonomy":"category","embeddable":true,"href":"http:\/\/www.endogene.fr\/index.php?rest_route=%2Fwp%2Fv2%2Fcategories&post=453"},{"taxonomy":"post_tag","embeddable":true,"href":"http:\/\/www.endogene.fr\/index.php?rest_route=%2Fwp%2Fv2%2Ftags&post=453"}],"curies":[{"name":"wp","href":"https:\/\/api.w.org\/{rel}","templated":true}]}}