{"id":496,"date":"2023-03-14T13:25:55","date_gmt":"2023-03-14T13:25:55","guid":{"rendered":"http:\/\/www.endogene.fr\/?p=496"},"modified":"2023-05-17T09:13:11","modified_gmt":"2023-05-17T09:13:11","slug":"actualite-mars-2023-bis","status":"publish","type":"post","link":"http:\/\/www.endogene.fr\/?p=496","title":{"rendered":"Actualit\u00e9 bis &#8211; Mars 2023"},"content":{"rendered":"<p><a href=\"https:\/\/www.printempsdespoetes.com\/Paroles-d-amour-Habiter-la-frontiere\">https:\/\/www.printempsdespoetes.com\/Paroles-d-amour-Habiter-la-frontiere<\/a><img decoding=\"async\" loading=\"lazy\" class=\"alignnone size-full wp-image-507\" src=\"http:\/\/endogene.fr\/wp-content\/uploads\/2023\/03\/Paroles-damourHabiter-la-frontiere-1.jpeg\" alt=\"\" width=\"2126\" height=\"1599\" srcset=\"http:\/\/endogene.fr\/wp-content\/uploads\/2023\/03\/Paroles-damourHabiter-la-frontiere-1.jpeg 2126w, http:\/\/endogene.fr\/wp-content\/uploads\/2023\/03\/Paroles-damourHabiter-la-frontiere-1-300x226.jpeg 300w, http:\/\/endogene.fr\/wp-content\/uploads\/2023\/03\/Paroles-damourHabiter-la-frontiere-1-1024x770.jpeg 1024w, http:\/\/endogene.fr\/wp-content\/uploads\/2023\/03\/Paroles-damourHabiter-la-frontiere-1-768x578.jpeg 768w, http:\/\/endogene.fr\/wp-content\/uploads\/2023\/03\/Paroles-damourHabiter-la-frontiere-1-1536x1155.jpeg 1536w, http:\/\/endogene.fr\/wp-content\/uploads\/2023\/03\/Paroles-damourHabiter-la-frontiere-1-2048x1540.jpeg 2048w\" sizes=\"(max-width: 767px) 89vw, (max-width: 1000px) 54vw, (max-width: 1071px) 543px, 580px\" \/><\/p>\n<p><a href=\"http:\/\/emmanuellesarrouy.com\/?p=2033\"><img decoding=\"async\" loading=\"lazy\" class=\"alignnone size-full wp-image-498\" src=\"http:\/\/endogene.fr\/wp-content\/uploads\/2023\/03\/Paroles-damourHabiter-la-frontiere_Portrait.png\" alt=\"\" width=\"1544\" height=\"1974\" srcset=\"http:\/\/endogene.fr\/wp-content\/uploads\/2023\/03\/Paroles-damourHabiter-la-frontiere_Portrait.png 1544w, http:\/\/endogene.fr\/wp-content\/uploads\/2023\/03\/Paroles-damourHabiter-la-frontiere_Portrait-235x300.png 235w, http:\/\/endogene.fr\/wp-content\/uploads\/2023\/03\/Paroles-damourHabiter-la-frontiere_Portrait-801x1024.png 801w, http:\/\/endogene.fr\/wp-content\/uploads\/2023\/03\/Paroles-damourHabiter-la-frontiere_Portrait-768x982.png 768w, http:\/\/endogene.fr\/wp-content\/uploads\/2023\/03\/Paroles-damourHabiter-la-frontiere_Portrait-1201x1536.png 1201w\" sizes=\"(max-width: 767px) 89vw, (max-width: 1000px) 54vw, (max-width: 1071px) 543px, 580px\" \/><\/a><\/p>\n<div class=\"row\">\n<div class=\"col-xs-12\">\n<div class=\"texte\">\n<p>Emmanuelle Sarrouy, po\u00e9tesse repr\u00e9sent\u00e9e par le Collectif Endog\u00e8ne, vous invite \u00e0 faire l\u2019exp\u00e9rience d\u2019un voyage o\u00f9 les mots entrent en r\u00e9sonance\u2026 Sur les chemins de l\u2019enfance &amp; de l\u2019amour fou, dans l\u2019ivresse &amp; la sinc\u00e9rit\u00e9 du geste.<\/p>\n<p>Elle lira, accompagn\u00e9e au piano par Agn\u00e8s Dallemagne Ruffel &amp; \u00e0 la guital\u00e9l\u00e9 par Nanou Payet.<\/p>\n<p>Deux extraits de PERSIKOV (\u2026 le chemin des fleurs) parus dans la revue ha\u00eftienne des cultures cr\u00e9oles <a href=\"https:\/\/www.associationvagueslitteraires.org\/revue-dokreis\">DO*KRE*I*S<\/a> .<br class=\"autobr\" \/>Un extrait d\u2019ils iront la nuit\/marcher sur les toits\/et grignoter le ciel \u00e9dit\u00e9 chez <a href=\"https:\/\/www.jacquesflamenteditions.com\/ils-iront-la-nuit-marcher-sur-les-toits-et-grignoter-le-ciel\/\">Jacques Flament \u00c9ditions.<\/a><\/p>\n<p>Participation au chapeau\/prix moyen conseill\u00e9\u00a0: 5 \u20ac<\/p>\n<p>Cette lecture po\u00e9sicale est accueillie par le Cercle des Papillons Bleus, dans le cadre de leur salon \u00ab\u00a0Voyage et Po\u00e9sie sans fronti\u00e8res\u00a0\u00bb organis\u00e9 pour le Printemps des Po\u00e8tes sur Peyrolles-en-Provence les 25 et 26 mars 2023. <br class=\"autobr\" \/>Renseignements\/<a href=\"https:\/\/www.facebook.com\/profile.php?id=100030635547162\">Cercle des Papillons Bleus\u00a0<\/a>: 07 70 39 90 66<\/p>\n<p>Collectif Endog\u00e8ne\u00a0: <a class=\"spip_url spip_out auto\" href=\"http:\/\/www.endogene.fr\/\" rel=\"nofollow external\">http:\/\/www.endogene.fr\/<\/a><br class=\"autobr\" \/>Contact\u00a0: collectif@endogene.fr \/ 06 11 80 70 68<\/p>\n<\/div>\n<\/div>\n<\/div>\n<p>&nbsp;<\/p>\n<p>&nbsp;<\/p>\n","protected":false},"excerpt":{"rendered":"<p>https:\/\/www.printempsdespoetes.com\/Paroles-d-amour-Habiter-la-frontiere Emmanuelle Sarrouy, po\u00e9tesse repr\u00e9sent\u00e9e par le Collectif Endog\u00e8ne, vous invite \u00e0 faire l\u2019exp\u00e9rience d\u2019un voyage o\u00f9 les mots entrent en r\u00e9sonance\u2026 Sur les chemins de l\u2019enfance &amp; de l\u2019amour fou, dans l\u2019ivresse &amp; la sinc\u00e9rit\u00e9 du geste. Elle lira, accompagn\u00e9e au piano par Agn\u00e8s Dallemagne Ruffel &amp; \u00e0 la guital\u00e9l\u00e9 par Nanou Payet. Deux &hellip; <\/p>\n<p class=\"link-more\"><a href=\"http:\/\/www.endogene.fr\/?p=496\" class=\"more-link\">Continuer la lecture<span class=\"screen-reader-text\"> de &laquo;&nbsp;Actualit\u00e9 bis &#8211; Mars 2023&nbsp;&raquo;<\/span><\/a><\/p>\n","protected":false},"author":1,"featured_media":0,"comment_status":"open","ping_status":"open","sticky":false,"template":"","format":"image","meta":[],"categories":[23,8,31],"tags":[20,14,22],"_links":{"self":[{"href":"http:\/\/www.endogene.fr\/index.php?rest_route=\/wp\/v2\/posts\/496"}],"collection":[{"href":"http:\/\/www.endogene.fr\/index.php?rest_route=\/wp\/v2\/posts"}],"about":[{"href":"http:\/\/www.endogene.fr\/index.php?rest_route=\/wp\/v2\/types\/post"}],"author":[{"embeddable":true,"href":"http:\/\/www.endogene.fr\/index.php?rest_route=\/wp\/v2\/users\/1"}],"replies":[{"embeddable":true,"href":"http:\/\/www.endogene.fr\/index.php?rest_route=%2Fwp%2Fv2%2Fcomments&post=496"}],"version-history":[{"count":12,"href":"http:\/\/www.endogene.fr\/index.php?rest_route=\/wp\/v2\/posts\/496\/revisions"}],"predecessor-version":[{"id":516,"href":"http:\/\/www.endogene.fr\/index.php?rest_route=\/wp\/v2\/posts\/496\/revisions\/516"}],"wp:attachment":[{"href":"http:\/\/www.endogene.fr\/index.php?rest_route=%2Fwp%2Fv2%2Fmedia&parent=496"}],"wp:term":[{"taxonomy":"category","embeddable":true,"href":"http:\/\/www.endogene.fr\/index.php?rest_route=%2Fwp%2Fv2%2Fcategories&post=496"},{"taxonomy":"post_tag","embeddable":true,"href":"http:\/\/www.endogene.fr\/index.php?rest_route=%2Fwp%2Fv2%2Ftags&post=496"}],"curies":[{"name":"wp","href":"https:\/\/api.w.org\/{rel}","templated":true}]}}