{"id":527,"date":"2023-05-17T09:07:04","date_gmt":"2023-05-17T09:07:04","guid":{"rendered":"http:\/\/www.endogene.fr\/?p=527"},"modified":"2023-05-17T09:20:22","modified_gmt":"2023-05-17T09:20:22","slug":"actualite-mai-2023","status":"publish","type":"post","link":"http:\/\/www.endogene.fr\/?p=527","title":{"rendered":"Actualit\u00e9 &#8211; Mai 2023"},"content":{"rendered":"<figure id=\"attachment_528\" aria-describedby=\"caption-attachment-528\" style=\"width: 500px\" class=\"wp-caption alignnone\"><a href=\"https:\/\/www.jacquesflamenteditions.com\/546-ciel-etoile-detourneaux-entetes\/\"><img decoding=\"async\" loading=\"lazy\" class=\"wp-image-528\" src=\"http:\/\/endogene.fr\/wp-content\/uploads\/2023\/05\/9949D81E-72DC-4A5E-BA81-C81E9E522FE1-scaled.jpeg\" alt=\"\" width=\"500\" height=\"889\" srcset=\"http:\/\/endogene.fr\/wp-content\/uploads\/2023\/05\/9949D81E-72DC-4A5E-BA81-C81E9E522FE1-scaled.jpeg 1440w, http:\/\/endogene.fr\/wp-content\/uploads\/2023\/05\/9949D81E-72DC-4A5E-BA81-C81E9E522FE1-169x300.jpeg 169w, http:\/\/endogene.fr\/wp-content\/uploads\/2023\/05\/9949D81E-72DC-4A5E-BA81-C81E9E522FE1-576x1024.jpeg 576w, http:\/\/endogene.fr\/wp-content\/uploads\/2023\/05\/9949D81E-72DC-4A5E-BA81-C81E9E522FE1-768x1365.jpeg 768w, http:\/\/endogene.fr\/wp-content\/uploads\/2023\/05\/9949D81E-72DC-4A5E-BA81-C81E9E522FE1-864x1536.jpeg 864w, http:\/\/endogene.fr\/wp-content\/uploads\/2023\/05\/9949D81E-72DC-4A5E-BA81-C81E9E522FE1-1152x2048.jpeg 1152w\" sizes=\"(max-width: 500px) 100vw, 500px\" \/><\/a><figcaption id=\"caption-attachment-528\" class=\"wp-caption-text\">Fra\u00eechement \u00e9dit\u00e9 chez <a href=\"https:\/\/www.jacquesflamenteditions.com\/546-ciel-etoile-detourneaux-entetes\/\">Jacques Flament<\/a> \u00a9 emmanuelle sarrouy, 2023<\/figcaption><\/figure>\r\n\r\n<p>[\u2026] R\u00e9miniscences. Souvenirs \u00e9clats fragments ressurgissent des pages re\/visit\u00e9es. Je range quelques catalogues et magazines sauv\u00e9s du pass\u00e9. Des \u00e9v\u00e9nements v\u00e9cus refont aussit\u00f4t surface. Arrim\u00e9s \u00e0 la m\u00e9moire profonde. C\u2019est tout \u00e0 fait \u00e9tonnant cette facult\u00e9 qu\u2019a notre m\u00e9moire \u00e0 se cacher dans les pages conserv\u00e9es. \u00c0 l\u2019abri du vent et du soleil. Du froid et de la pluie\u2026 On croit oublier. Et puis un jour on ouvre un livre un magazine une bo\u00eete un tiroir\u2026 Et c\u2019est l\u00e0. Intact. Dans les mouvements de l\u2019air.<\/p>\r\n\r\n\r\n\r\n<div class=\"is-vertical is-layout-flex wp-container-1 wp-block-group\">\r\n<p id=\"block-dc5e18ed-468f-4365-ae92-995e7e176a4b\"><em>au diapason<\/em> <br \/><em>des couleurs de l\u2019automne<\/em> <br \/><em>et la route<\/em> <br \/><em>(au ralenti ?)<\/em> [\u2026]<\/p>\r\n\u00a0  <strong><em>Pr\u00e9face de Dominique Sorrente (extraits)<\/em><\/strong> \r\n\r\n<\/div>\r\n<div>\u00a0<\/div>\r\n<div class=\"wp-block-group\">IL Y A TANT \u00c0 CHAQUE JOUR \r\n\r\n<\/div>\r\n<div>\u00a0<\/div>\r\n<div class=\"wp-block-group\">Un journal de bord est d\u2019abord une affaire de respiration. Dans cet exercice, il ne s\u2019agit pas de s\u2019abstraire du tumulte pour faire \u0153uvre d\u2019installation, mais de proc\u00e9der \u00e0 des va-et-vient entre le rythme du quotidien et la mise en \u00e9criture des instants. Le geste a ceci de pr\u00e9cieux pour le lecteur qu\u2019il le conduit \u00e0 suivre un cheminement fait de notations, de sensations, de pens\u00e9es qui sont n\u00e9es dans un calendrier librement travers\u00e9. \u00ab\u00a0La po\u00e9sie est de la vie interpr\u00e9t\u00e9e\u00a0\u00bb, \u00e9crivait jadis Joe Bousquet. [\u2026] \r\n\r\n<\/div>\r\n<div>\u00a0<\/div>\r\n<div class=\"wp-block-group\">La vie, chaplinesque parfois, se faufile partout dans les interstices. Le ma\u00eetre mot est celui de synchronicit\u00e9, ch\u00e8re \u00e0 Carl Gustav Jung.<\/div>\r\n<div>\u00a0<\/div>\r\n<div class=\"wp-block-group\">\r\n\r\n On est au c\u0153ur de la qu\u00eate hybride revendiqu\u00e9e par la po\u00e9tesse comme une seconde nature de vivre. Quelque chose de tr\u00e9pidant, de gourmand, de sensible, avec le d\u00e9sir chevill\u00e9 \u00e0 la plume de graver des instants qui l\u2019ont arr\u00eat\u00e9e, le temps d\u2019une inscription, pour mieux faire corps avec le mouvement du monde. [\u2026] \r\n\r\n<\/div>\r\n<div>\u00a0<\/div>\r\n<div class=\"wp-block-group\">Suivre ce journal de bord est une le\u00e7on de vie intense. Avec ses sautes de forme, ses l\u00e2chages, ses vaillances, ses jubilations. Au jeudi 17 mars, on lit\u00a0: \u00ab\u00a0Vous reprendrez bien un peu du poil de la b\u00eate\u00a0?!\u00a0\u00bb<\/div>\r\n<div>\u00a0<\/div>\r\n<div class=\"wp-block-group\">Emmanuelle Sarrouy n\u2019en a pas fini de nous apprendre \u00e0 jeter \u00e0 la mer, \u00e0 temps et \u00e0 contretemps, des bateaux-po\u00e8mes fac\u00e9tieux et aimants. De nous embarquer, pour notre grand plaisir, dans son <em>Ciel \u00e9toil\u00e9 d\u2019\u00e9tourneaux ent\u00eat\u00e9s<\/em>. \r\n\r\n<\/div>\r\n","protected":false},"excerpt":{"rendered":"<p>[\u2026] R\u00e9miniscences. Souvenirs \u00e9clats fragments ressurgissent des pages re\/visit\u00e9es. Je range quelques catalogues et magazines sauv\u00e9s du pass\u00e9. Des \u00e9v\u00e9nements v\u00e9cus refont aussit\u00f4t surface. Arrim\u00e9s \u00e0 la m\u00e9moire profonde. C\u2019est tout \u00e0 fait \u00e9tonnant cette facult\u00e9 qu\u2019a notre m\u00e9moire \u00e0 se cacher dans les pages conserv\u00e9es. \u00c0 l\u2019abri du vent et du soleil. Du froid &hellip; <\/p>\n<p class=\"link-more\"><a href=\"http:\/\/www.endogene.fr\/?p=527\" class=\"more-link\">Continuer la lecture<span class=\"screen-reader-text\"> de &laquo;&nbsp;Actualit\u00e9 &#8211; Mai 2023&nbsp;&raquo;<\/span><\/a><\/p>\n","protected":false},"author":1,"featured_media":0,"comment_status":"open","ping_status":"open","sticky":false,"template":"","format":"standard","meta":[],"categories":[23,31],"tags":[30,29,14,22],"_links":{"self":[{"href":"http:\/\/www.endogene.fr\/index.php?rest_route=\/wp\/v2\/posts\/527"}],"collection":[{"href":"http:\/\/www.endogene.fr\/index.php?rest_route=\/wp\/v2\/posts"}],"about":[{"href":"http:\/\/www.endogene.fr\/index.php?rest_route=\/wp\/v2\/types\/post"}],"author":[{"embeddable":true,"href":"http:\/\/www.endogene.fr\/index.php?rest_route=\/wp\/v2\/users\/1"}],"replies":[{"embeddable":true,"href":"http:\/\/www.endogene.fr\/index.php?rest_route=%2Fwp%2Fv2%2Fcomments&post=527"}],"version-history":[{"count":6,"href":"http:\/\/www.endogene.fr\/index.php?rest_route=\/wp\/v2\/posts\/527\/revisions"}],"predecessor-version":[{"id":535,"href":"http:\/\/www.endogene.fr\/index.php?rest_route=\/wp\/v2\/posts\/527\/revisions\/535"}],"wp:attachment":[{"href":"http:\/\/www.endogene.fr\/index.php?rest_route=%2Fwp%2Fv2%2Fmedia&parent=527"}],"wp:term":[{"taxonomy":"category","embeddable":true,"href":"http:\/\/www.endogene.fr\/index.php?rest_route=%2Fwp%2Fv2%2Fcategories&post=527"},{"taxonomy":"post_tag","embeddable":true,"href":"http:\/\/www.endogene.fr\/index.php?rest_route=%2Fwp%2Fv2%2Ftags&post=527"}],"curies":[{"name":"wp","href":"https:\/\/api.w.org\/{rel}","templated":true}]}}