{"id":591,"date":"2023-11-21T13:34:54","date_gmt":"2023-11-21T13:34:54","guid":{"rendered":"http:\/\/www.endogene.fr\/?p=591"},"modified":"2023-11-21T13:37:11","modified_gmt":"2023-11-21T13:37:11","slug":"actualite-octobre-2023","status":"publish","type":"post","link":"http:\/\/www.endogene.fr\/?p=591","title":{"rendered":"Actualit\u00e9 &#8211; Octobre 2023"},"content":{"rendered":"<p><strong><a href=\"https:\/\/grain-dpixel.fr\/info\/interview-de-jean-paul-nogues\/\">7e Festival de la Photographie de Besan\u00e7on &#8211; 6-7 octobre 2023<\/a><br \/>\n<\/strong><\/p>\n<p>12 photos de Jean-Paul Nogu\u00e8s \u2013 Grain d\u2019Pixel, Besan\u00e7on, France<\/p>\n<p><a href=\"https:\/\/grain-dpixel.fr\/\"><img decoding=\"async\" loading=\"lazy\" class=\"alignnone wp-image-592\" src=\"http:\/\/endogene.fr\/wp-content\/uploads\/2023\/11\/visuel_dpixel_besancon.jpg\" alt=\"\" width=\"400\" height=\"525\" srcset=\"http:\/\/endogene.fr\/wp-content\/uploads\/2023\/11\/visuel_dpixel_besancon.jpg 485w, http:\/\/endogene.fr\/wp-content\/uploads\/2023\/11\/visuel_dpixel_besancon-229x300.jpg 229w\" sizes=\"(max-width: 400px) 100vw, 400px\" \/><\/a><\/p>\n<p><strong>Achromaties d\u2019un printemps de <a href=\"http:\/\/www.jeanpaulnogues.com\/\">Jean-Paul Nogu\u00e8s<\/a><br \/>\n<\/strong><\/p>\n<p>Amorc\u00e9e pendans le confinement de mars 2020 et poursuivie au-del\u00e0, cette s\u00e9rie est une introspection visuelle qui vous invite dans l&rsquo;intimit\u00e9 de ma famille. Elle y questionne ma perception de l&rsquo;enfermement, de la condition humaine et de la libert\u00e9. De petits instants choisis, traces l\u00e9g\u00e8res ou douloureuses, qui peuvent r\u00e9sonner en chacun de nous, acteurs de cette exp\u00e9rience collective. La s\u00e9rie totale a \u00e9t\u00e9 \u00e9dit\u00e9e en avril 2023 dans un livre format poche chez P<a href=\"http:\/\/www.photo-graphie.org\/index.php\/publications-2023\/#Achromaties\">hoto#graphie \u00e9ditions<\/a>.<\/p>\n<p><a href=\"http:\/\/www.jeanpaulnogues.com\/\"><img decoding=\"async\" loading=\"lazy\" class=\"alignnone wp-image-593\" src=\"http:\/\/endogene.fr\/wp-content\/uploads\/2023\/11\/Nogues_confinement-31.jpg\" alt=\"\" width=\"452\" height=\"452\" srcset=\"http:\/\/endogene.fr\/wp-content\/uploads\/2023\/11\/Nogues_confinement-31.jpg 570w, http:\/\/endogene.fr\/wp-content\/uploads\/2023\/11\/Nogues_confinement-31-300x300.jpg 300w, http:\/\/endogene.fr\/wp-content\/uploads\/2023\/11\/Nogues_confinement-31-150x150.jpg 150w, http:\/\/endogene.fr\/wp-content\/uploads\/2023\/11\/Nogues_confinement-31-100x100.jpg 100w\" sizes=\"(max-width: 452px) 100vw, 452px\" \/><\/a><\/p>\n","protected":false},"excerpt":{"rendered":"<p>7e Festival de la Photographie de Besan\u00e7on &#8211; 6-7 octobre 2023 12 photos de Jean-Paul Nogu\u00e8s \u2013 Grain d\u2019Pixel, Besan\u00e7on, France Achromaties d\u2019un printemps de Jean-Paul Nogu\u00e8s Amorc\u00e9e pendans le confinement de mars 2020 et poursuivie au-del\u00e0, cette s\u00e9rie est une introspection visuelle qui vous invite dans l&rsquo;intimit\u00e9 de ma famille. Elle y questionne ma &hellip; <\/p>\n<p class=\"link-more\"><a href=\"http:\/\/www.endogene.fr\/?p=591\" class=\"more-link\">Continuer la lecture<span class=\"screen-reader-text\"> de &laquo;&nbsp;Actualit\u00e9 &#8211; Octobre 2023&nbsp;&raquo;<\/span><\/a><\/p>\n","protected":false},"author":1,"featured_media":0,"comment_status":"open","ping_status":"open","sticky":false,"template":"","format":"standard","meta":[],"categories":[12,23],"tags":[30,17,29,19,33],"_links":{"self":[{"href":"http:\/\/www.endogene.fr\/index.php?rest_route=\/wp\/v2\/posts\/591"}],"collection":[{"href":"http:\/\/www.endogene.fr\/index.php?rest_route=\/wp\/v2\/posts"}],"about":[{"href":"http:\/\/www.endogene.fr\/index.php?rest_route=\/wp\/v2\/types\/post"}],"author":[{"embeddable":true,"href":"http:\/\/www.endogene.fr\/index.php?rest_route=\/wp\/v2\/users\/1"}],"replies":[{"embeddable":true,"href":"http:\/\/www.endogene.fr\/index.php?rest_route=%2Fwp%2Fv2%2Fcomments&post=591"}],"version-history":[{"count":3,"href":"http:\/\/www.endogene.fr\/index.php?rest_route=\/wp\/v2\/posts\/591\/revisions"}],"predecessor-version":[{"id":596,"href":"http:\/\/www.endogene.fr\/index.php?rest_route=\/wp\/v2\/posts\/591\/revisions\/596"}],"wp:attachment":[{"href":"http:\/\/www.endogene.fr\/index.php?rest_route=%2Fwp%2Fv2%2Fmedia&parent=591"}],"wp:term":[{"taxonomy":"category","embeddable":true,"href":"http:\/\/www.endogene.fr\/index.php?rest_route=%2Fwp%2Fv2%2Fcategories&post=591"},{"taxonomy":"post_tag","embeddable":true,"href":"http:\/\/www.endogene.fr\/index.php?rest_route=%2Fwp%2Fv2%2Ftags&post=591"}],"curies":[{"name":"wp","href":"https:\/\/api.w.org\/{rel}","templated":true}]}}