{"id":599,"date":"2023-11-21T14:02:23","date_gmt":"2023-11-21T14:02:23","guid":{"rendered":"http:\/\/www.endogene.fr\/?p=599"},"modified":"2023-11-21T14:06:35","modified_gmt":"2023-11-21T14:06:35","slug":"actualite-juillet-2023-2","status":"publish","type":"post","link":"http:\/\/www.endogene.fr\/?p=599","title":{"rendered":"Actualit\u00e9 &#8211; Juillet 2023"},"content":{"rendered":"<p><a href=\"https:\/\/www.rencontres-arles-off.fr\/catalogue\/52968\/\"><strong>Off\u2019Arles<\/strong><\/a> \u2013 La Fontaine Obscure invite le <a href=\"https:\/\/www.cafephotomarseille.org\/?p=3672\">Caf\u00e9 Photo Marseille<\/a><\/p>\n<p><img decoding=\"async\" loading=\"lazy\" class=\"alignnone  wp-image-603\" src=\"http:\/\/endogene.fr\/wp-content\/uploads\/2023\/11\/OFF-ARLES-2023.jpg\" alt=\"\" width=\"504\" height=\"504\" srcset=\"http:\/\/endogene.fr\/wp-content\/uploads\/2023\/11\/OFF-ARLES-2023.jpg 1600w, http:\/\/endogene.fr\/wp-content\/uploads\/2023\/11\/OFF-ARLES-2023-300x300.jpg 300w, http:\/\/endogene.fr\/wp-content\/uploads\/2023\/11\/OFF-ARLES-2023-1024x1024.jpg 1024w, http:\/\/endogene.fr\/wp-content\/uploads\/2023\/11\/OFF-ARLES-2023-150x150.jpg 150w, http:\/\/endogene.fr\/wp-content\/uploads\/2023\/11\/OFF-ARLES-2023-768x768.jpg 768w, http:\/\/endogene.fr\/wp-content\/uploads\/2023\/11\/OFF-ARLES-2023-1536x1536.jpg 1536w, http:\/\/endogene.fr\/wp-content\/uploads\/2023\/11\/OFF-ARLES-2023-100x100.jpg 100w\" sizes=\"(max-width: 504px) 100vw, 504px\" \/><\/p>\n<p>12 photos de Jean-Paul Nogu\u00e8s \u2013 Arles, France<\/p>\n<p><strong>Achromaties d\u2019un printemps de <a href=\"http:\/\/www.jeanpaulnogues.com\/\">Jean-Paul Nogu\u00e8s<\/a><br \/>\n<\/strong><\/p>\n<p>Amorc\u00e9e pendans le confinement de mars 2020 et poursuivie au-del\u00e0, cette s\u00e9rie est une introspection visuelle qui vous invite dans l\u2019intimit\u00e9 de ma famille. Elle y questionne ma perception de l\u2019enfermement, de la condition humaine et de la libert\u00e9. De petits instants choisis, traces l\u00e9g\u00e8res ou douloureuses, qui peuvent r\u00e9sonner en chacun de nous, acteurs de cette exp\u00e9rience collective. La s\u00e9rie totale a \u00e9t\u00e9 \u00e9dit\u00e9e en avril 2023 dans un livre format poche chez P<a href=\"http:\/\/www.photo-graphie.org\/index.php\/publications-2023\/#Achromaties\">hoto#graphie \u00e9ditions<\/a>.<\/p>\n<p><img decoding=\"async\" loading=\"lazy\" class=\"alignnone  wp-image-600\" src=\"http:\/\/endogene.fr\/wp-content\/uploads\/2023\/11\/Nogues_confinement-10-e1586446963812.jpg\" alt=\"\" width=\"504\" height=\"504\" srcset=\"http:\/\/endogene.fr\/wp-content\/uploads\/2023\/11\/Nogues_confinement-10-e1586446963812.jpg 570w, http:\/\/endogene.fr\/wp-content\/uploads\/2023\/11\/Nogues_confinement-10-e1586446963812-300x300.jpg 300w, http:\/\/endogene.fr\/wp-content\/uploads\/2023\/11\/Nogues_confinement-10-e1586446963812-150x150.jpg 150w, http:\/\/endogene.fr\/wp-content\/uploads\/2023\/11\/Nogues_confinement-10-e1586446963812-100x100.jpg 100w\" sizes=\"(max-width: 504px) 100vw, 504px\" \/><\/p>\n","protected":false},"excerpt":{"rendered":"<p>Off\u2019Arles \u2013 La Fontaine Obscure invite le Caf\u00e9 Photo Marseille 12 photos de Jean-Paul Nogu\u00e8s \u2013 Arles, France Achromaties d\u2019un printemps de Jean-Paul Nogu\u00e8s Amorc\u00e9e pendans le confinement de mars 2020 et poursuivie au-del\u00e0, cette s\u00e9rie est une introspection visuelle qui vous invite dans l\u2019intimit\u00e9 de ma famille. Elle y questionne ma perception de l\u2019enfermement, &hellip; <\/p>\n<p class=\"link-more\"><a href=\"http:\/\/www.endogene.fr\/?p=599\" class=\"more-link\">Continuer la lecture<span class=\"screen-reader-text\"> de &laquo;&nbsp;Actualit\u00e9 &#8211; Juillet 2023&nbsp;&raquo;<\/span><\/a><\/p>\n","protected":false},"author":1,"featured_media":0,"comment_status":"open","ping_status":"open","sticky":false,"template":"","format":"standard","meta":[],"categories":[12,23],"tags":[30,17,29,19,33],"_links":{"self":[{"href":"http:\/\/www.endogene.fr\/index.php?rest_route=\/wp\/v2\/posts\/599"}],"collection":[{"href":"http:\/\/www.endogene.fr\/index.php?rest_route=\/wp\/v2\/posts"}],"about":[{"href":"http:\/\/www.endogene.fr\/index.php?rest_route=\/wp\/v2\/types\/post"}],"author":[{"embeddable":true,"href":"http:\/\/www.endogene.fr\/index.php?rest_route=\/wp\/v2\/users\/1"}],"replies":[{"embeddable":true,"href":"http:\/\/www.endogene.fr\/index.php?rest_route=%2Fwp%2Fv2%2Fcomments&post=599"}],"version-history":[{"count":3,"href":"http:\/\/www.endogene.fr\/index.php?rest_route=\/wp\/v2\/posts\/599\/revisions"}],"predecessor-version":[{"id":604,"href":"http:\/\/www.endogene.fr\/index.php?rest_route=\/wp\/v2\/posts\/599\/revisions\/604"}],"wp:attachment":[{"href":"http:\/\/www.endogene.fr\/index.php?rest_route=%2Fwp%2Fv2%2Fmedia&parent=599"}],"wp:term":[{"taxonomy":"category","embeddable":true,"href":"http:\/\/www.endogene.fr\/index.php?rest_route=%2Fwp%2Fv2%2Fcategories&post=599"},{"taxonomy":"post_tag","embeddable":true,"href":"http:\/\/www.endogene.fr\/index.php?rest_route=%2Fwp%2Fv2%2Ftags&post=599"}],"curies":[{"name":"wp","href":"https:\/\/api.w.org\/{rel}","templated":true}]}}