{"id":628,"date":"2024-03-19T16:50:37","date_gmt":"2024-03-19T16:50:37","guid":{"rendered":"http:\/\/www.endogene.fr\/?p=628"},"modified":"2024-03-19T16:56:13","modified_gmt":"2024-03-19T16:56:13","slug":"actualite-mars-2024","status":"publish","type":"post","link":"http:\/\/www.endogene.fr\/?p=628","title":{"rendered":"Actualit\u00e9 &#8211; Mars 2024"},"content":{"rendered":"<p><img decoding=\"async\" loading=\"lazy\" class=\"alignnone  wp-image-629\" src=\"http:\/\/endogene.fr\/wp-content\/uploads\/2024\/03\/Affiche_23.03.2024_Peyrolles_4.jpg\" alt=\"\" width=\"591\" height=\"592\" srcset=\"http:\/\/endogene.fr\/wp-content\/uploads\/2024\/03\/Affiche_23.03.2024_Peyrolles_4.jpg 1804w, http:\/\/endogene.fr\/wp-content\/uploads\/2024\/03\/Affiche_23.03.2024_Peyrolles_4-300x300.jpg 300w, http:\/\/endogene.fr\/wp-content\/uploads\/2024\/03\/Affiche_23.03.2024_Peyrolles_4-1024x1024.jpg 1024w, http:\/\/endogene.fr\/wp-content\/uploads\/2024\/03\/Affiche_23.03.2024_Peyrolles_4-150x150.jpg 150w, http:\/\/endogene.fr\/wp-content\/uploads\/2024\/03\/Affiche_23.03.2024_Peyrolles_4-768x769.jpg 768w, http:\/\/endogene.fr\/wp-content\/uploads\/2024\/03\/Affiche_23.03.2024_Peyrolles_4-1534x1536.jpg 1534w, http:\/\/endogene.fr\/wp-content\/uploads\/2024\/03\/Affiche_23.03.2024_Peyrolles_4-100x100.jpg 100w\" sizes=\"(max-width: 591px) 100vw, 591px\" \/><\/p>\n<p>Invit\u00e9 par Le Cercle des Papillons Bleus, organisateur du Salon \u00ab\u00a0Printemps des Po\u00e8tes 2024\u00a0\u00bb sur Peyrolles-en-Provence qui aura lieu les 23 et 24 mars 2024, le Collectif Endog\u00e8ne pr\u00e9sente :<\/p>\n<p>de l&rsquo;urgence de vivre au ralenti\u2026<\/p>\n<p>Ou comment se r\u00e9volter po\u00e9tiquement ?<\/p>\n<p>Elles d\u00e9ambulent dans l\u2019espace qui leur est offert et se questionnent sur le monde moderne, son rythme, ses dysfonctionnements. \u00c9changent pens\u00e9es fulgurantes. Nous invitent \u00e0 les suivre dans de nouvelles g\u00e9ographies po\u00e9tiques, arm\u00e9es de joie et de d\u00e9sir, afin de repenser ce monde dans lequel elles &#8211; et nous avec elles &#8211; aimeraient enfin vivre.<\/p>\n<p>Lecture perform\u00e9e : <a href=\"http:\/\/emmanuellesarrouy.com\/\">Emmanuelle Sarrouy<\/a>, <a href=\"https:\/\/www.facebook.com\/charlotte.hamer.3726\">Charlotte Hamer<\/a>, <a href=\"https:\/\/www.facebook.com\/valoch.payet\">Nanou Payet<\/a><\/p>\n<p>Participation au chapeau\/prix moyen conseill\u00e9 : 8 \u20ac<\/p>\n<p>Renseignements\/<a href=\"https:\/\/www.facebook.com\/profile.php?id=100030635547162\">Cercle des Papillons Bleus\u00a0<\/a>: 07 70 39 90 66<\/p>\n<p>Collectif Endog\u00e8ne\u00a0: <a class=\"spip_url spip_out auto\" href=\"http:\/\/www.endogene.fr\/\" rel=\"nofollow external\">http:\/\/www.endogene.fr\/<\/a><br class=\"autobr\" \/>Contact\u00a0: collectif@endogene.fr \/ 06 11 80 70 68<\/p>\n<p>&nbsp;<\/p>\n","protected":false},"excerpt":{"rendered":"<p>Invit\u00e9 par Le Cercle des Papillons Bleus, organisateur du Salon \u00ab\u00a0Printemps des Po\u00e8tes 2024\u00a0\u00bb sur Peyrolles-en-Provence qui aura lieu les 23 et 24 mars 2024, le Collectif Endog\u00e8ne pr\u00e9sente : de l&rsquo;urgence de vivre au ralenti\u2026 Ou comment se r\u00e9volter po\u00e9tiquement ? Elles d\u00e9ambulent dans l\u2019espace qui leur est offert et se questionnent sur le &hellip; <\/p>\n<p class=\"link-more\"><a href=\"http:\/\/www.endogene.fr\/?p=628\" class=\"more-link\">Continuer la lecture<span class=\"screen-reader-text\"> de &laquo;&nbsp;Actualit\u00e9 &#8211; Mars 2024&nbsp;&raquo;<\/span><\/a><\/p>\n","protected":false},"author":1,"featured_media":0,"comment_status":"open","ping_status":"open","sticky":false,"template":"","format":"standard","meta":[],"categories":[35,10],"tags":[32,14],"_links":{"self":[{"href":"http:\/\/www.endogene.fr\/index.php?rest_route=\/wp\/v2\/posts\/628"}],"collection":[{"href":"http:\/\/www.endogene.fr\/index.php?rest_route=\/wp\/v2\/posts"}],"about":[{"href":"http:\/\/www.endogene.fr\/index.php?rest_route=\/wp\/v2\/types\/post"}],"author":[{"embeddable":true,"href":"http:\/\/www.endogene.fr\/index.php?rest_route=\/wp\/v2\/users\/1"}],"replies":[{"embeddable":true,"href":"http:\/\/www.endogene.fr\/index.php?rest_route=%2Fwp%2Fv2%2Fcomments&post=628"}],"version-history":[{"count":3,"href":"http:\/\/www.endogene.fr\/index.php?rest_route=\/wp\/v2\/posts\/628\/revisions"}],"predecessor-version":[{"id":632,"href":"http:\/\/www.endogene.fr\/index.php?rest_route=\/wp\/v2\/posts\/628\/revisions\/632"}],"wp:attachment":[{"href":"http:\/\/www.endogene.fr\/index.php?rest_route=%2Fwp%2Fv2%2Fmedia&parent=628"}],"wp:term":[{"taxonomy":"category","embeddable":true,"href":"http:\/\/www.endogene.fr\/index.php?rest_route=%2Fwp%2Fv2%2Fcategories&post=628"},{"taxonomy":"post_tag","embeddable":true,"href":"http:\/\/www.endogene.fr\/index.php?rest_route=%2Fwp%2Fv2%2Ftags&post=628"}],"curies":[{"name":"wp","href":"https:\/\/api.w.org\/{rel}","templated":true}]}}