{"id":643,"date":"2024-10-24T08:51:13","date_gmt":"2024-10-24T08:51:13","guid":{"rendered":"http:\/\/www.endogene.fr\/?p=643"},"modified":"2024-10-24T09:13:30","modified_gmt":"2024-10-24T09:13:30","slug":"actualite-juin-2024","status":"publish","type":"post","link":"http:\/\/www.endogene.fr\/?p=643","title":{"rendered":"Actualit\u00e9 &#8211; Juin 2024"},"content":{"rendered":"<p><strong>19 \u2013 27 juin 2024<\/strong><\/p>\n<p><strong>Marseille, Hasards r\u00e9v\u00e9l\u00e9s<\/strong><\/p>\n<p>Exposition Galerie Rafale<\/p>\n<p>Marseille, France<\/p>\n<p>Livre collectif<\/p>\n<p>aux <a href=\"http:\/\/www.photo-graphie.org\/index.php\/publications-2024\" target=\"_blank\" rel=\"noopener\">\u00c9ditions Photo#graphie<\/a><\/p>\n<p>avec des photographies de <a href=\"http:\/\/www.jeanpaulnogues.com\/\">Jean-Paul Nogu\u00e8s<\/a><\/p>\n<p>photographie de couverture \u00a9 <a href=\"https:\/\/rachelecassetta.wordpress.com\/\">Rachele Cassetta<\/a><\/p>\n<p><a href=\"http:\/\/www.photo-graphie.org\/index.php\/publications-2024\"><img decoding=\"async\" loading=\"lazy\" class=\"alignnone wp-image-644\" src=\"http:\/\/endogene.fr\/wp-content\/uploads\/2024\/10\/Marseille_HasardsReveles_Couv\u00a9Rachele-Cassetta.jpeg\" alt=\"\" width=\"433\" height=\"633\" srcset=\"http:\/\/endogene.fr\/wp-content\/uploads\/2024\/10\/Marseille_HasardsReveles_Couv\u00a9Rachele-Cassetta.jpeg 921w, http:\/\/endogene.fr\/wp-content\/uploads\/2024\/10\/Marseille_HasardsReveles_Couv\u00a9Rachele-Cassetta-205x300.jpeg 205w, http:\/\/endogene.fr\/wp-content\/uploads\/2024\/10\/Marseille_HasardsReveles_Couv\u00a9Rachele-Cassetta-701x1024.jpeg 701w, http:\/\/endogene.fr\/wp-content\/uploads\/2024\/10\/Marseille_HasardsReveles_Couv\u00a9Rachele-Cassetta-768x1122.jpeg 768w\" sizes=\"(max-width: 433px) 100vw, 433px\" \/><\/a><\/p>\n<p><a href=\"http:\/\/www.photo-graphie.org\/index.php\/evenements\/#Marseille\"><img decoding=\"async\" loading=\"lazy\" class=\"alignnone size-full wp-image-648\" src=\"http:\/\/endogene.fr\/wp-content\/uploads\/2024\/10\/couv-hasards-reveles-et-affiche-promo.jpg\" alt=\"\" width=\"1981\" height=\"1404\" srcset=\"http:\/\/endogene.fr\/wp-content\/uploads\/2024\/10\/couv-hasards-reveles-et-affiche-promo.jpg 1981w, http:\/\/endogene.fr\/wp-content\/uploads\/2024\/10\/couv-hasards-reveles-et-affiche-promo-300x213.jpg 300w, http:\/\/endogene.fr\/wp-content\/uploads\/2024\/10\/couv-hasards-reveles-et-affiche-promo-1024x726.jpg 1024w, http:\/\/endogene.fr\/wp-content\/uploads\/2024\/10\/couv-hasards-reveles-et-affiche-promo-768x544.jpg 768w, http:\/\/endogene.fr\/wp-content\/uploads\/2024\/10\/couv-hasards-reveles-et-affiche-promo-1536x1089.jpg 1536w\" sizes=\"(max-width: 767px) 89vw, (max-width: 1000px) 54vw, (max-width: 1071px) 543px, 580px\" \/><\/a><\/p>\n","protected":false},"excerpt":{"rendered":"<p>19 \u2013 27 juin 2024 Marseille, Hasards r\u00e9v\u00e9l\u00e9s Exposition Galerie Rafale Marseille, France Livre collectif aux \u00c9ditions Photo#graphie avec des photographies de Jean-Paul Nogu\u00e8s photographie de couverture \u00a9 Rachele Cassetta<\/p>\n","protected":false},"author":1,"featured_media":0,"comment_status":"open","ping_status":"open","sticky":false,"template":"","format":"standard","meta":[],"categories":[35],"tags":[30,17,29,19,33],"_links":{"self":[{"href":"http:\/\/www.endogene.fr\/index.php?rest_route=\/wp\/v2\/posts\/643"}],"collection":[{"href":"http:\/\/www.endogene.fr\/index.php?rest_route=\/wp\/v2\/posts"}],"about":[{"href":"http:\/\/www.endogene.fr\/index.php?rest_route=\/wp\/v2\/types\/post"}],"author":[{"embeddable":true,"href":"http:\/\/www.endogene.fr\/index.php?rest_route=\/wp\/v2\/users\/1"}],"replies":[{"embeddable":true,"href":"http:\/\/www.endogene.fr\/index.php?rest_route=%2Fwp%2Fv2%2Fcomments&post=643"}],"version-history":[{"count":3,"href":"http:\/\/www.endogene.fr\/index.php?rest_route=\/wp\/v2\/posts\/643\/revisions"}],"predecessor-version":[{"id":651,"href":"http:\/\/www.endogene.fr\/index.php?rest_route=\/wp\/v2\/posts\/643\/revisions\/651"}],"wp:attachment":[{"href":"http:\/\/www.endogene.fr\/index.php?rest_route=%2Fwp%2Fv2%2Fmedia&parent=643"}],"wp:term":[{"taxonomy":"category","embeddable":true,"href":"http:\/\/www.endogene.fr\/index.php?rest_route=%2Fwp%2Fv2%2Fcategories&post=643"},{"taxonomy":"post_tag","embeddable":true,"href":"http:\/\/www.endogene.fr\/index.php?rest_route=%2Fwp%2Fv2%2Ftags&post=643"}],"curies":[{"name":"wp","href":"https:\/\/api.w.org\/{rel}","templated":true}]}}