{"id":715,"date":"2026-03-10T16:16:10","date_gmt":"2026-03-10T16:16:10","guid":{"rendered":"http:\/\/www.endogene.fr\/?p=715"},"modified":"2026-03-10T16:31:24","modified_gmt":"2026-03-10T16:31:24","slug":"actualite-octobre-2025","status":"publish","type":"post","link":"http:\/\/www.endogene.fr\/?p=715","title":{"rendered":"Actualit\u00e9 &#8211; Octobre 2025"},"content":{"rendered":"<p><a href=\"https:\/\/www.cafephotomarseille.org\/?page_id=4519\"><img decoding=\"async\" loading=\"lazy\" class=\"alignnone size-full wp-image-716\" src=\"http:\/\/endogene.fr\/wp-content\/uploads\/2026\/03\/AFFICHE-A3-EXPO-CPM-2025-420-x-297-mm-scaled-1.webp\" alt=\"\" width=\"1920\" height=\"1358\" srcset=\"http:\/\/endogene.fr\/wp-content\/uploads\/2026\/03\/AFFICHE-A3-EXPO-CPM-2025-420-x-297-mm-scaled-1.webp 1920w, http:\/\/endogene.fr\/wp-content\/uploads\/2026\/03\/AFFICHE-A3-EXPO-CPM-2025-420-x-297-mm-scaled-1-300x212.webp 300w, http:\/\/endogene.fr\/wp-content\/uploads\/2026\/03\/AFFICHE-A3-EXPO-CPM-2025-420-x-297-mm-scaled-1-1024x724.webp 1024w, http:\/\/endogene.fr\/wp-content\/uploads\/2026\/03\/AFFICHE-A3-EXPO-CPM-2025-420-x-297-mm-scaled-1-768x543.webp 768w, http:\/\/endogene.fr\/wp-content\/uploads\/2026\/03\/AFFICHE-A3-EXPO-CPM-2025-420-x-297-mm-scaled-1-1536x1086.webp 1536w\" sizes=\"(max-width: 767px) 89vw, (max-width: 1000px) 54vw, (max-width: 1071px) 543px, 580px\" \/><\/a><\/p>\n<p><em>Affiche\/Cr\u00e9dits Photos \u00a9 Jean-Jacques SANTUCCI et Eric PETR<\/em><\/p>\n<p><strong class=\"\"><a href=\"https:\/\/www.cafephotomarseille.org\/?page_id=4519\">Expo Caf\u00e9 Photo Marseille<\/a> &#8211; <\/strong><em class=\"\">En chansons\/De l\u2019autre c\u00f4t\u00e9<\/em><\/p>\n<p>Marseille<em> 3013<\/em>,\u00a0 France &#8211;<strong> 11 au 26 octobre 2025<\/strong><\/p>\n<p><a href=\"http:\/\/www.jeanpaulnogues.com\/\">Jean-Paul Nogu\u00e8s<\/a> pr\u00e9sente :<\/p>\n<p>Photo <a href=\"http:\/\/www.jeanpaulnogues.com\/euphorbia-victoria\/\"><em>Euphorbia Victoria<\/em> (Les Cactus)<\/a><\/p>\n<p>S\u00e9rie <em>Trous noirs terrestres<\/em><\/p>\n","protected":false},"excerpt":{"rendered":"<p>Affiche\/Cr\u00e9dits Photos \u00a9 Jean-Jacques SANTUCCI et Eric PETR Expo Caf\u00e9 Photo Marseille &#8211; En chansons\/De l\u2019autre c\u00f4t\u00e9 Marseille 3013,\u00a0 France &#8211; 11 au 26 octobre 2025 Jean-Paul Nogu\u00e8s pr\u00e9sente : Photo Euphorbia Victoria (Les Cactus) S\u00e9rie Trous noirs terrestres<\/p>\n","protected":false},"author":1,"featured_media":0,"comment_status":"open","ping_status":"open","sticky":false,"template":"","format":"standard","meta":[],"categories":[38],"tags":[45,17,43,19,33],"_links":{"self":[{"href":"http:\/\/www.endogene.fr\/index.php?rest_route=\/wp\/v2\/posts\/715"}],"collection":[{"href":"http:\/\/www.endogene.fr\/index.php?rest_route=\/wp\/v2\/posts"}],"about":[{"href":"http:\/\/www.endogene.fr\/index.php?rest_route=\/wp\/v2\/types\/post"}],"author":[{"embeddable":true,"href":"http:\/\/www.endogene.fr\/index.php?rest_route=\/wp\/v2\/users\/1"}],"replies":[{"embeddable":true,"href":"http:\/\/www.endogene.fr\/index.php?rest_route=%2Fwp%2Fv2%2Fcomments&post=715"}],"version-history":[{"count":3,"href":"http:\/\/www.endogene.fr\/index.php?rest_route=\/wp\/v2\/posts\/715\/revisions"}],"predecessor-version":[{"id":723,"href":"http:\/\/www.endogene.fr\/index.php?rest_route=\/wp\/v2\/posts\/715\/revisions\/723"}],"wp:attachment":[{"href":"http:\/\/www.endogene.fr\/index.php?rest_route=%2Fwp%2Fv2%2Fmedia&parent=715"}],"wp:term":[{"taxonomy":"category","embeddable":true,"href":"http:\/\/www.endogene.fr\/index.php?rest_route=%2Fwp%2Fv2%2Fcategories&post=715"},{"taxonomy":"post_tag","embeddable":true,"href":"http:\/\/www.endogene.fr\/index.php?rest_route=%2Fwp%2Fv2%2Ftags&post=715"}],"curies":[{"name":"wp","href":"https:\/\/api.w.org\/{rel}","templated":true}]}}